{"id":918,"date":"2011-09-20T09:05:22","date_gmt":"2011-09-20T08:05:22","guid":{"rendered":"http:\/\/www.bergeret.org\/blog\/?p=918"},"modified":"2011-09-20T09:05:22","modified_gmt":"2011-09-20T08:05:22","slug":"troy-davis-execution-prevue-pour-mercredi","status":"publish","type":"post","link":"https:\/\/www.bergeret.org\/blog\/2011\/09\/20\/troy-davis-execution-prevue-pour-mercredi\/","title":{"rendered":"Troy Davis : ex\u00e9cution pr\u00e9vue pour mercredi"},"content":{"rendered":"<p>Voici le 6\u00e8me article de ce blog consacr\u00e9 \u00e0 Troy Davis, condamn\u00e9 \u00e0 mort en 1991 pour le meurtre d&rsquo;un policier, et dont l&rsquo;ex\u00e9cution a d\u00e9j\u00e0 \u00e9t\u00e9 arr\u00eat\u00e9e trois fois \u00e0 moins de 48h de son application, en raison de doutes sur sa culpabilit\u00e9 (ces doutes sont loin d&rsquo;\u00eatre des doutes de derni\u00e8re minute).<\/p>\n<p>L&rsquo;ex\u00e9cution est une nouvelle fois programm\u00e9e, pour mercredi prochain \u00e0 19h.<\/p>\n<p>J&rsquo;esp\u00e8re de tout c?ur que cette ex\u00e9cution sera une fois de plus report\u00e9e, et que l&rsquo;innocence de Troy Davis sera enfin reconnue.<\/p>\n<p>Source : <a title=\"Troy Davis\" href=\"http:\/\/www.20minutes.fr\/monde\/790818-affaire-troy-davis-comite-graces-delibere-48h-execution\" target=\"_blank\">http:\/\/www.20minutes.fr\/monde\/790818-affaire-troy-davis-comite-graces-delibere-48h-execution<\/a><\/p>\n<p>Autres articles sur Troy Davis sur ce blog : <a title=\"Troy Davis\" href=\"https:\/\/www.bergeret.org\/blog\/?s=troy%20davis&amp;submit=Rechercher\">https:\/\/www.bergeret.org\/blog\/?s=troy%20davis&amp;submit=Rechercher<\/a><\/p>\n","protected":false},"excerpt":{"rendered":"<p>Voici le 6\u00e8me article de ce blog consacr\u00e9 \u00e0 Troy Davis, condamn\u00e9 \u00e0 mort en 1991 pour le meurtre d&rsquo;un policier, et dont l&rsquo;ex\u00e9cution a d\u00e9j\u00e0 \u00e9t\u00e9 arr\u00eat\u00e9e trois fois \u00e0 moins de 48h de son application, en raison de doutes sur sa culpabilit\u00e9 (ces doutes sont loin d&rsquo;\u00eatre des doutes de derni\u00e8re minute). L&rsquo;ex\u00e9cution [&hellip;]<\/p>\n","protected":false},"author":1,"featured_media":0,"comment_status":"open","ping_status":"open","sticky":false,"template":"","format":"standard","meta":[],"categories":[8],"tags":[],"_links":{"self":[{"href":"https:\/\/www.bergeret.org\/blog\/wp-json\/wp\/v2\/posts\/918"}],"collection":[{"href":"https:\/\/www.bergeret.org\/blog\/wp-json\/wp\/v2\/posts"}],"about":[{"href":"https:\/\/www.bergeret.org\/blog\/wp-json\/wp\/v2\/types\/post"}],"author":[{"embeddable":true,"href":"https:\/\/www.bergeret.org\/blog\/wp-json\/wp\/v2\/users\/1"}],"replies":[{"embeddable":true,"href":"https:\/\/www.bergeret.org\/blog\/wp-json\/wp\/v2\/comments?post=918"}],"version-history":[{"count":2,"href":"https:\/\/www.bergeret.org\/blog\/wp-json\/wp\/v2\/posts\/918\/revisions"}],"predecessor-version":[{"id":920,"href":"https:\/\/www.bergeret.org\/blog\/wp-json\/wp\/v2\/posts\/918\/revisions\/920"}],"wp:attachment":[{"href":"https:\/\/www.bergeret.org\/blog\/wp-json\/wp\/v2\/media?parent=918"}],"wp:term":[{"taxonomy":"category","embeddable":true,"href":"https:\/\/www.bergeret.org\/blog\/wp-json\/wp\/v2\/categories?post=918"},{"taxonomy":"post_tag","embeddable":true,"href":"https:\/\/www.bergeret.org\/blog\/wp-json\/wp\/v2\/tags?post=918"}],"curies":[{"name":"wp","href":"https:\/\/api.w.org\/{rel}","templated":true}]}}