{"id":500,"date":"2009-01-23T10:37:08","date_gmt":"2009-01-23T09:37:08","guid":{"rendered":"http:\/\/www.bergeret.org\/blog\/?p=500"},"modified":"2009-01-23T10:39:20","modified_gmt":"2009-01-23T09:39:20","slug":"cest-bo-le-numerique","status":"publish","type":"post","link":"https:\/\/www.bergeret.org\/blog\/2009\/01\/23\/cest-bo-le-numerique\/","title":{"rendered":"C&rsquo;est b\u00f4 le num\u00e9rique"},"content":{"rendered":"<p>Pour No\u00ebl 2007, j&rsquo;ai re\u00e7u une fl\u00fbte traversi\u00e8re &#8230; Un nouvel instrument de plus \u00e0 apprendre.<\/p>\n<p>Pour le r\u00e9veillon du nouvel an 2008-2009, j&rsquo;ai propos\u00e9 \u00e0 une copine (merci <a title=\"Blog d'Algrid\" href=\"http:\/\/algrid-stephane-et-famille.over-blog.com\/\" target=\"_blank\">Algrid<\/a>) qui joue aussi de la fl\u00fbte de faire un duo : nous avons choisi l&rsquo;Ave Verum de Mozart (limit\u00e9 aux deux voix du dessus).<\/p>\n<p>Je me suis ensuite amus\u00e9 \u00e0 m&rsquo;enregistrer en train de jouer les quatre voix successivement. Comme la fl\u00fbte n&rsquo;a pas un registre suffisamment \u00e9tendu pour jouer les quatre voix, j&rsquo;ai jou\u00e9 la voix de t\u00e9nor \u00e0 l&rsquo;octave du dessus et la voix de basse deux octaves en dessus. Par bidouillage num\u00e9rique, j&rsquo;ai remis ces deux voix \u00e0 leur hauteur normale, j&rsquo;ai mix\u00e9 le tout, et \u00e7a donne \u00e7a : <a href=\"https:\/\/www.bergeret.org\/blog\/wp-content\/aveverum.mp3\">Ave Verum \u00e0 la fl\u00fbte<\/a><\/p>\n<p>Apr\u00e8s, je me suis dit que, pour une oeuvre \u00e9crite pour un choeur, \u00e7a pourrait \u00eatre bien de le chanter aussi. J&rsquo;ai donc enregistr\u00e9 \u00e0 leur hauteur normale les voix de t\u00e9nor et de basse, et \u00e0 l&rsquo;octave en dessous les voix d&rsquo;alto et de soprano. Et l\u00e0, \u00e7e le faisait pas du tout : la transposition d&rsquo;une octave des voix d&rsquo;alto et de soprano donnaient des voix de gremlins&#8230; Apr\u00e8s analyse attentive de la partition, j&rsquo;ai vu que je pouvais faire la voix d&rsquo;alto sans trop de probl\u00e8me, ainsi que la voix de soprano (en voix de t\u00eate quand m\u00eame). Et voici l&rsquo;<a href=\"https:\/\/www.bergeret.org\/blog\/wp-content\/aveverumvoix.mp3\">Ave Verum<\/a> de Mozart par le Fabulous Fab&rsquo;s Quartet.<\/p>\n","protected":false},"excerpt":{"rendered":"<p>Pour No\u00ebl 2007, j&rsquo;ai re\u00e7u une fl\u00fbte traversi\u00e8re &#8230; Un nouvel instrument de plus \u00e0 apprendre. Pour le r\u00e9veillon du nouvel an 2008-2009, j&rsquo;ai propos\u00e9 \u00e0 une copine (merci Algrid) qui joue aussi de la fl\u00fbte de faire un duo : nous avons choisi l&rsquo;Ave Verum de Mozart (limit\u00e9 aux deux voix du dessus). Je [&hellip;]<\/p>\n","protected":false},"author":1,"featured_media":0,"comment_status":"open","ping_status":"open","sticky":false,"template":"","format":"standard","meta":[],"categories":[4,8],"tags":[],"_links":{"self":[{"href":"https:\/\/www.bergeret.org\/blog\/wp-json\/wp\/v2\/posts\/500"}],"collection":[{"href":"https:\/\/www.bergeret.org\/blog\/wp-json\/wp\/v2\/posts"}],"about":[{"href":"https:\/\/www.bergeret.org\/blog\/wp-json\/wp\/v2\/types\/post"}],"author":[{"embeddable":true,"href":"https:\/\/www.bergeret.org\/blog\/wp-json\/wp\/v2\/users\/1"}],"replies":[{"embeddable":true,"href":"https:\/\/www.bergeret.org\/blog\/wp-json\/wp\/v2\/comments?post=500"}],"version-history":[{"count":5,"href":"https:\/\/www.bergeret.org\/blog\/wp-json\/wp\/v2\/posts\/500\/revisions"}],"predecessor-version":[{"id":507,"href":"https:\/\/www.bergeret.org\/blog\/wp-json\/wp\/v2\/posts\/500\/revisions\/507"}],"wp:attachment":[{"href":"https:\/\/www.bergeret.org\/blog\/wp-json\/wp\/v2\/media?parent=500"}],"wp:term":[{"taxonomy":"category","embeddable":true,"href":"https:\/\/www.bergeret.org\/blog\/wp-json\/wp\/v2\/categories?post=500"},{"taxonomy":"post_tag","embeddable":true,"href":"https:\/\/www.bergeret.org\/blog\/wp-json\/wp\/v2\/tags?post=500"}],"curies":[{"name":"wp","href":"https:\/\/api.w.org\/{rel}","templated":true}]}}