{"id":294,"date":"2008-07-23T21:48:52","date_gmt":"2008-07-23T20:48:52","guid":{"rendered":"http:\/\/www.bergeret.org\/blog\/?p=294"},"modified":"2008-08-01T14:29:38","modified_gmt":"2008-08-01T13:29:38","slug":"la-malloree-de-david-eddings","status":"publish","type":"post","link":"https:\/\/www.bergeret.org\/blog\/2008\/07\/23\/la-malloree-de-david-eddings\/","title":{"rendered":"\u00ab\u00a0La Mallor\u00e9e\u00a0\u00bb de David Eddings"},"content":{"rendered":"<p>Oui, bon, je sais, \u00ab\u00a0La Mallor\u00e9e\u00a0\u00bb, c&rsquo;est 5 livres, pas un seul. Mais bon comme c&rsquo;est une s\u00e9rie, que les livres sont homog\u00e8nes en qualit\u00e9, que je suis une grosse feignasse, et que j&rsquo;ai lu les 5 livres \u00e0 toute berzingue, je m&rsquo;octroie le droit d&rsquo;\u00e9crire une seule page pour les 5 livres.<\/p>\n<p>L&rsquo;action se passe une dizaine d&rsquo;ann\u00e9es apr\u00e8s la fin de la \u00ab\u00a0Belgariade\u00a0\u00bb. Garion se croyait d\u00e9barrass\u00e9 de l&rsquo;Enfant des T\u00e9n\u00e8bres \u00e0 tout jamais. Eh bien non,  il revient (enfin en premi\u00e8re approximation).<\/p>\n<p>Bref, tout est \u00e0 refaire, le monde est encore \u00e0 sauver.<\/p>\n<p>On retrouve ici les personnages que l&rsquo;on avait rencontr\u00e9 lors de la premi\u00e8re s\u00e9rie, et dont on a tant appr\u00e9ci\u00e9 les traits de caract\u00e8re. On rencontre aussi quelques nouveaux, qui ne sont pas toujours ce qu&rsquo;ils semblent \u00eatre.<\/p>\n<p>Bref, une bonne intrigue, un style percutant, et de l&rsquo;humour, toujours de l&rsquo;humour.<\/p>\n<p>En r\u00e9sum\u00e9, une excellente s\u00e9rie, tout \u00e0 fait dans la veine de la \u00ab\u00a0Belgariade\u00a0\u00bb. A lire !<\/p>\n","protected":false},"excerpt":{"rendered":"<p>Oui, bon, je sais, \u00ab\u00a0La Mallor\u00e9e\u00a0\u00bb, c&rsquo;est 5 livres, pas un seul. Mais bon comme c&rsquo;est une s\u00e9rie, que les livres sont homog\u00e8nes en qualit\u00e9, que je suis une grosse feignasse, et que j&rsquo;ai lu les 5 livres \u00e0 toute berzingue, je m&rsquo;octroie le droit d&rsquo;\u00e9crire une seule page pour les 5 livres. L&rsquo;action se [&hellip;]<\/p>\n","protected":false},"author":1,"featured_media":0,"comment_status":"open","ping_status":"open","sticky":false,"template":"","format":"standard","meta":[],"categories":[2],"tags":[32,35,34,33,31],"_links":{"self":[{"href":"https:\/\/www.bergeret.org\/blog\/wp-json\/wp\/v2\/posts\/294"}],"collection":[{"href":"https:\/\/www.bergeret.org\/blog\/wp-json\/wp\/v2\/posts"}],"about":[{"href":"https:\/\/www.bergeret.org\/blog\/wp-json\/wp\/v2\/types\/post"}],"author":[{"embeddable":true,"href":"https:\/\/www.bergeret.org\/blog\/wp-json\/wp\/v2\/users\/1"}],"replies":[{"embeddable":true,"href":"https:\/\/www.bergeret.org\/blog\/wp-json\/wp\/v2\/comments?post=294"}],"version-history":[{"count":6,"href":"https:\/\/www.bergeret.org\/blog\/wp-json\/wp\/v2\/posts\/294\/revisions"}],"predecessor-version":[{"id":310,"href":"https:\/\/www.bergeret.org\/blog\/wp-json\/wp\/v2\/posts\/294\/revisions\/310"}],"wp:attachment":[{"href":"https:\/\/www.bergeret.org\/blog\/wp-json\/wp\/v2\/media?parent=294"}],"wp:term":[{"taxonomy":"category","embeddable":true,"href":"https:\/\/www.bergeret.org\/blog\/wp-json\/wp\/v2\/categories?post=294"},{"taxonomy":"post_tag","embeddable":true,"href":"https:\/\/www.bergeret.org\/blog\/wp-json\/wp\/v2\/tags?post=294"}],"curies":[{"name":"wp","href":"https:\/\/api.w.org\/{rel}","templated":true}]}}