{"id":238,"date":"2008-02-25T22:56:32","date_gmt":"2008-02-25T21:56:32","guid":{"rendered":"http:\/\/www.bergeret.org\/blog\/2008\/02\/25\/sarkozy-au-salon-de-lagriculture\/"},"modified":"2023-06-01T13:54:55","modified_gmt":"2023-06-01T12:54:55","slug":"sarkozy-au-salon-de-lagriculture","status":"publish","type":"post","link":"https:\/\/www.bergeret.org\/blog\/2008\/02\/25\/sarkozy-au-salon-de-lagriculture\/","title":{"rendered":"Sarkozy au salon de l&rsquo;agriculture"},"content":{"rendered":"<p>A partir de maintenant, et pour ne pas jouer le jeu de notre sinistre pr\u00e9sident qui cherche \u00e0 masquer son inaction et son incapacit\u00e9 \u00e0 g\u00e9rer les affaires de la France par de sinistres divertions, je ne relaterai les incartades pr\u00e9sidentielles que par ces mots : \u00e9cran de fum\u00e9e.<\/p>\n","protected":false},"excerpt":{"rendered":"<p>A partir de maintenant, et pour ne pas jouer le jeu de notre sinistre pr\u00e9sident qui cherche \u00e0 masquer son inaction et son incapacit\u00e9 \u00e0 g\u00e9rer les affaires de la France par de sinistres divertions, je ne relaterai les incartades pr\u00e9sidentielles que par ces mots : \u00e9cran de fum\u00e9e.<\/p>\n","protected":false},"author":1,"featured_media":0,"comment_status":"closed","ping_status":"closed","sticky":false,"template":"","format":"standard","meta":[],"categories":[8],"tags":[],"_links":{"self":[{"href":"https:\/\/www.bergeret.org\/blog\/wp-json\/wp\/v2\/posts\/238"}],"collection":[{"href":"https:\/\/www.bergeret.org\/blog\/wp-json\/wp\/v2\/posts"}],"about":[{"href":"https:\/\/www.bergeret.org\/blog\/wp-json\/wp\/v2\/types\/post"}],"author":[{"embeddable":true,"href":"https:\/\/www.bergeret.org\/blog\/wp-json\/wp\/v2\/users\/1"}],"replies":[{"embeddable":true,"href":"https:\/\/www.bergeret.org\/blog\/wp-json\/wp\/v2\/comments?post=238"}],"version-history":[{"count":1,"href":"https:\/\/www.bergeret.org\/blog\/wp-json\/wp\/v2\/posts\/238\/revisions"}],"predecessor-version":[{"id":1252,"href":"https:\/\/www.bergeret.org\/blog\/wp-json\/wp\/v2\/posts\/238\/revisions\/1252"}],"wp:attachment":[{"href":"https:\/\/www.bergeret.org\/blog\/wp-json\/wp\/v2\/media?parent=238"}],"wp:term":[{"taxonomy":"category","embeddable":true,"href":"https:\/\/www.bergeret.org\/blog\/wp-json\/wp\/v2\/categories?post=238"},{"taxonomy":"post_tag","embeddable":true,"href":"https:\/\/www.bergeret.org\/blog\/wp-json\/wp\/v2\/tags?post=238"}],"curies":[{"name":"wp","href":"https:\/\/api.w.org\/{rel}","templated":true}]}}