{"id":229,"date":"2008-02-13T13:23:48","date_gmt":"2008-02-13T12:23:48","guid":{"rendered":"http:\/\/www.bergeret.org\/blog\/2008\/02\/13\/plus-de-pub-sur-france-2-plus-de-pub-sur-tf1\/"},"modified":"2023-04-21T15:27:12","modified_gmt":"2023-04-21T14:27:12","slug":"plus-de-pub-sur-france-2-plus-de-pub-sur-tf1","status":"publish","type":"post","link":"https:\/\/www.bergeret.org\/blog\/2008\/02\/13\/plus-de-pub-sur-france-2-plus-de-pub-sur-tf1\/","title":{"rendered":"Plus de pub sur France 2 = plus de pub sur TF1"},"content":{"rendered":"<p>Il est trop fort, notre super-pr\u00e9sident ! Il veut supprimer la pub sur le service public. G\u00e9nial !<br \/>\nVoyons maintenant les d\u00e9g\u00e2ts collat\u00e9raux :<\/p>\n<ol>\n<li>\u00e7a supprime une \u00e9norme source de revenus pour les cha\u00eenes du service public<\/li>\n<li>\u00e7a diminue la quantit\u00e9 du pub disponible \u00e0 la t\u00e9l\u00e9, ce qui va augmenter le tarifs des publicit\u00e9s.<\/li>\n<\/ol>\n<p>Et qui va profiter de cette augmentation du tarif des pubs : les autres cha\u00eenes, TF1 en t\u00eate. Et qui est le patron de TF1 ? Martin Bouygues, t\u00e9moin du second mariage de Sarko, et parrain d&rsquo;un Sarko junior.<\/p>\n<p>Elle est pas belle, la vie : tu fais un b\u00f4 kado \u00e0 ton pote, et en plus, tu fais croire \u00e0 tout le monde  que c&rsquo;est pour leur bien (et accessoirement, cela fait un \u00e9cran de fum\u00e9e de plus &#8230;)<\/p>\n","protected":false},"excerpt":{"rendered":"<p>Il est trop fort, notre super-pr\u00e9sident ! Il veut supprimer la pub sur le service public. G\u00e9nial ! Voyons maintenant les d\u00e9g\u00e2ts collat\u00e9raux : \u00e7a supprime une \u00e9norme source de revenus pour les cha\u00eenes du service public \u00e7a diminue la quantit\u00e9 du pub disponible \u00e0 la t\u00e9l\u00e9, ce qui va augmenter le tarifs des publicit\u00e9s. [&hellip;]<\/p>\n","protected":false},"author":1,"featured_media":0,"comment_status":"closed","ping_status":"closed","sticky":false,"template":"","format":"standard","meta":[],"categories":[8],"tags":[58,59,60,57],"_links":{"self":[{"href":"https:\/\/www.bergeret.org\/blog\/wp-json\/wp\/v2\/posts\/229"}],"collection":[{"href":"https:\/\/www.bergeret.org\/blog\/wp-json\/wp\/v2\/posts"}],"about":[{"href":"https:\/\/www.bergeret.org\/blog\/wp-json\/wp\/v2\/types\/post"}],"author":[{"embeddable":true,"href":"https:\/\/www.bergeret.org\/blog\/wp-json\/wp\/v2\/users\/1"}],"replies":[{"embeddable":true,"href":"https:\/\/www.bergeret.org\/blog\/wp-json\/wp\/v2\/comments?post=229"}],"version-history":[{"count":1,"href":"https:\/\/www.bergeret.org\/blog\/wp-json\/wp\/v2\/posts\/229\/revisions"}],"predecessor-version":[{"id":321,"href":"https:\/\/www.bergeret.org\/blog\/wp-json\/wp\/v2\/posts\/229\/revisions\/321"}],"wp:attachment":[{"href":"https:\/\/www.bergeret.org\/blog\/wp-json\/wp\/v2\/media?parent=229"}],"wp:term":[{"taxonomy":"category","embeddable":true,"href":"https:\/\/www.bergeret.org\/blog\/wp-json\/wp\/v2\/categories?post=229"},{"taxonomy":"post_tag","embeddable":true,"href":"https:\/\/www.bergeret.org\/blog\/wp-json\/wp\/v2\/tags?post=229"}],"curies":[{"name":"wp","href":"https:\/\/api.w.org\/{rel}","templated":true}]}}